{"id":2101,"date":"2025-06-16T11:39:52","date_gmt":"2025-06-16T09:39:52","guid":{"rendered":"https:\/\/mauerspiel.at\/feelingeurope\/?p=2101"},"modified":"2025-12-18T10:44:40","modified_gmt":"2025-12-18T09:44:40","slug":"kreta-in-wien","status":"publish","type":"post","link":"https:\/\/mauerspiel.at\/feelingeurope\/kreta-in-wien\/","title":{"rendered":"Kreta in Wien"},"content":{"rendered":"\n<p>Wien-Favoriten: \u201eKreta\u201c wird dieser kleine Stadtteil genannt, der wie eine Insel zwischen Verkehrsb\u00e4ndern liegt, vor der Klippenk\u00fcste eines monstr\u00f6sen Gemeindebaus der 1980er, am \u00e4u\u00dfersten Rand des Bezirks.<\/p>\n\n\n\n<p>Herr Praschl ist ein stiller Mann. Inmitten der bunten Flackerlichter der Zuwanderer-Lokale in der \u201eKreta\u201c ist es das letzte Wiener Gasthaus, und es bleibt dunkel \u2013 \u201ees sind ja eh keine G\u00e4ste da\u201c. Die wenigen, die doch kommen, sind einsame Seelen der Umgebung, die in langen Monologen die unverbr\u00fcchliche Treue von Freundschaften heraufbeschw\u00f6ren, die nach einigen Flaschen Bier nur am Wirtshaustisch existieren: Feststellungen von gro\u00dfer Tragweite, getroffen mit gro\u00dfer Schlagseite. Herr Praschl h\u00f6rt all dem geduldig zu, stundenlang, nur manchmal dringt er mit kleinen leisen Bemerkungen in die verschachtelte Unlogik lauter Wiederholungen der Vortragenden. \u201eIch brauch Freind, die besser san als I \u2013 I bin nur a afoches Madl!\u201c: Aus dem Brei irrlichternder Emotionen ragen da gelegentlich scharf akzentuierte Wortbrocken, laut in den Raum gestellt, im Zeitverlauf dann immer mehr durch stumme Gesten ersetzt; die H\u00e4nde k\u00f6nnen l\u00e4nger sprechen als die Lippen, wenn der Kopf schwer wird.<\/p>\n\n\n\n<p>Herr Praschl sitzt weiterhin da und h\u00f6rt zu, nur manchmal kommt doch etwas Bewegung ins Lokal: Die Bewohner des Gemeindebaus holen sich im Gassenverkauf Bier oder Red Bull, je nach ethnischen Wurzeln, und irgendwann h\u00e4lt es auch Frau Brigitte nicht mehr aus am Holzbankerl: Dann tanzt sie im scharf aus dem Dunkel geschnittenen Bogen zu lautloser Karaokemusik, bis sich Herr Praschl doch \u00fcberreden l\u00e4sst \u2013 und endlich das Radio einschaltet, nur halblaut, denn Herr Praschl ist ein stiller Mann.<\/p>\n\n\n\n<p>Schlussendlich wurde es zu still im Gasthaus Praschl: Die Corona-Krise hat das Gesch\u00e4ft ausgetrocknet, die Kreta ist zu abgelegen, um G\u00e4ste von au\u00dferhalb des kleinen Stadtteils anzuziehen. 2024 musste das Gasthaus schlie\u00dfen, ein kleines Denkmal aus Papier konnte ich ihm noch in meinem Buch Randschaften errichten.<\/p>\n\n\n\n<p>Tipp: In meinem Buch <a href=\"http:\/\/www.mauerspiel.at\/randschaften\/\">Randschaften <\/a>habe ich Gesch\u00e4fte portraitiert, von denen es in Wien nicht mehr allzuviele gibt<\/p>\n\n\n\n<figure class=\"wp-block-gallery has-nested-images columns-default is-cropped wp-block-gallery-1 is-layout-flex wp-block-gallery-is-layout-flex\">\n<figure data-wp-context=\"{&quot;imageId&quot;:&quot;69f418d3e0948&quot;}\" data-wp-interactive=\"core\/image\" class=\"wp-block-image size-large wp-lightbox-container\"><img loading=\"lazy\" decoding=\"async\" width=\"1024\" height=\"679\" data-wp-class--hide=\"state.isContentHidden\" data-wp-class--show=\"state.isContentVisible\" data-wp-init=\"callbacks.setButtonStyles\" data-wp-on-async--click=\"actions.showLightbox\" data-wp-on-async--load=\"callbacks.setButtonStyles\" data-wp-on-async-window--resize=\"callbacks.setButtonStyles\" data-id=\"2113\" src=\"https:\/\/mauerspiel.at\/feelingeurope\/wp-content\/uploads\/2025\/06\/00521706a-1024x679.jpg\" alt=\"\" class=\"wp-image-2113\" srcset=\"https:\/\/mauerspiel.at\/feelingeurope\/wp-content\/uploads\/2025\/06\/00521706a-1024x679.jpg 1024w, https:\/\/mauerspiel.at\/feelingeurope\/wp-content\/uploads\/2025\/06\/00521706a-300x199.jpg 300w, https:\/\/mauerspiel.at\/feelingeurope\/wp-content\/uploads\/2025\/06\/00521706a-768x509.jpg 768w, https:\/\/mauerspiel.at\/feelingeurope\/wp-content\/uploads\/2025\/06\/00521706a.jpg 1500w\" sizes=\"auto, (max-width: 1024px) 100vw, 1024px\" \/><button\n\t\t\tclass=\"lightbox-trigger\"\n\t\t\ttype=\"button\"\n\t\t\taria-haspopup=\"dialog\"\n\t\t\taria-label=\"Bild vergr\u00f6\u00dfern\"\n\t\t\tdata-wp-init=\"callbacks.initTriggerButton\"\n\t\t\tdata-wp-on-async--click=\"actions.showLightbox\"\n\t\t\tdata-wp-style--right=\"state.imageButtonRight\"\n\t\t\tdata-wp-style--top=\"state.imageButtonTop\"\n\t\t>\n\t\t\t<svg xmlns=\"http:\/\/www.w3.org\/2000\/svg\" width=\"12\" height=\"12\" fill=\"none\" viewBox=\"0 0 12 12\">\n\t\t\t\t<path fill=\"#fff\" d=\"M2 0a2 2 0 0 0-2 2v2h1.5V2a.5.5 0 0 1 .5-.5h2V0H2Zm2 10.5H2a.5.5 0 0 1-.5-.5V8H0v2a2 2 0 0 0 2 2h2v-1.5ZM8 12v-1.5h2a.5.5 0 0 0 .5-.5V8H12v2a2 2 0 0 1-2 2H8Zm2-12a2 2 0 0 1 2 2v2h-1.5V2a.5.5 0 0 0-.5-.5H8V0h2Z\" \/>\n\t\t\t<\/svg>\n\t\t<\/button><figcaption class=\"wp-element-caption\">Wien 10., Quellenstra\u00dfe, Gasthaus Praschl<\/figcaption><\/figure>\n\n\n\n<figure data-wp-context=\"{&quot;imageId&quot;:&quot;69f418d3e0ea5&quot;}\" data-wp-interactive=\"core\/image\" class=\"wp-block-image size-large wp-lightbox-container\"><img loading=\"lazy\" decoding=\"async\" width=\"1024\" height=\"683\" data-wp-class--hide=\"state.isContentHidden\" data-wp-class--show=\"state.isContentVisible\" data-wp-init=\"callbacks.setButtonStyles\" data-wp-on-async--click=\"actions.showLightbox\" data-wp-on-async--load=\"callbacks.setButtonStyles\" data-wp-on-async-window--resize=\"callbacks.setButtonStyles\" data-id=\"2109\" src=\"https:\/\/mauerspiel.at\/feelingeurope\/wp-content\/uploads\/2025\/06\/00521708-1024x683.jpg\" alt=\"\" class=\"wp-image-2109\" srcset=\"https:\/\/mauerspiel.at\/feelingeurope\/wp-content\/uploads\/2025\/06\/00521708-1024x683.jpg 1024w, https:\/\/mauerspiel.at\/feelingeurope\/wp-content\/uploads\/2025\/06\/00521708-300x200.jpg 300w, https:\/\/mauerspiel.at\/feelingeurope\/wp-content\/uploads\/2025\/06\/00521708-768x513.jpg 768w, https:\/\/mauerspiel.at\/feelingeurope\/wp-content\/uploads\/2025\/06\/00521708.jpg 1500w\" sizes=\"auto, (max-width: 1024px) 100vw, 1024px\" \/><button\n\t\t\tclass=\"lightbox-trigger\"\n\t\t\ttype=\"button\"\n\t\t\taria-haspopup=\"dialog\"\n\t\t\taria-label=\"Bild vergr\u00f6\u00dfern\"\n\t\t\tdata-wp-init=\"callbacks.initTriggerButton\"\n\t\t\tdata-wp-on-async--click=\"actions.showLightbox\"\n\t\t\tdata-wp-style--right=\"state.imageButtonRight\"\n\t\t\tdata-wp-style--top=\"state.imageButtonTop\"\n\t\t>\n\t\t\t<svg xmlns=\"http:\/\/www.w3.org\/2000\/svg\" width=\"12\" height=\"12\" fill=\"none\" viewBox=\"0 0 12 12\">\n\t\t\t\t<path fill=\"#fff\" d=\"M2 0a2 2 0 0 0-2 2v2h1.5V2a.5.5 0 0 1 .5-.5h2V0H2Zm2 10.5H2a.5.5 0 0 1-.5-.5V8H0v2a2 2 0 0 0 2 2h2v-1.5ZM8 12v-1.5h2a.5.5 0 0 0 .5-.5V8H12v2a2 2 0 0 1-2 2H8Zm2-12a2 2 0 0 1 2 2v2h-1.5V2a.5.5 0 0 0-.5-.5H8V0h2Z\" \/>\n\t\t\t<\/svg>\n\t\t<\/button><figcaption class=\"wp-element-caption\">Wien 10., Quellenstra\u00dfe, Gasthaus Praschl<\/figcaption><\/figure>\n<\/figure>\n\n\n\n<p><\/p>\n\n\n\n<p><\/p>\n","protected":false},"excerpt":{"rendered":"<p>Wien-Favoriten: \u201eKreta\u201c wird dieser kleine Stadtteil genannt, der wie eine Insel zwischen Verkehrsb\u00e4ndern liegt, vor der Klippenk\u00fcste eines monstr\u00f6sen Gemeindebaus der 1980er, am \u00e4u\u00dfersten Rand des Bezirks. Herr Praschl ist ein stiller Mann. Inmitten der bunten Flackerlichter der Zuwanderer-Lokale in der \u201eKreta\u201c ist es das letzte Wiener Gasthaus, und es bleibt dunkel \u2013 \u201ees sind [&hellip;]<\/p>\n","protected":false},"author":5,"featured_media":2105,"comment_status":"open","ping_status":"open","sticky":false,"template":"","format":"standard","meta":{"footnotes":""},"categories":[17],"tags":[13,9],"class_list":["post-2101","post","type-post","status-publish","format-standard","has-post-thumbnail","hentry","category-wien","tag-randschaften","tag-stadtleben"],"_links":{"self":[{"href":"https:\/\/mauerspiel.at\/feelingeurope\/wp-json\/wp\/v2\/posts\/2101","targetHints":{"allow":["GET"]}}],"collection":[{"href":"https:\/\/mauerspiel.at\/feelingeurope\/wp-json\/wp\/v2\/posts"}],"about":[{"href":"https:\/\/mauerspiel.at\/feelingeurope\/wp-json\/wp\/v2\/types\/post"}],"author":[{"embeddable":true,"href":"https:\/\/mauerspiel.at\/feelingeurope\/wp-json\/wp\/v2\/users\/5"}],"replies":[{"embeddable":true,"href":"https:\/\/mauerspiel.at\/feelingeurope\/wp-json\/wp\/v2\/comments?post=2101"}],"version-history":[{"count":5,"href":"https:\/\/mauerspiel.at\/feelingeurope\/wp-json\/wp\/v2\/posts\/2101\/revisions"}],"predecessor-version":[{"id":2621,"href":"https:\/\/mauerspiel.at\/feelingeurope\/wp-json\/wp\/v2\/posts\/2101\/revisions\/2621"}],"wp:featuredmedia":[{"embeddable":true,"href":"https:\/\/mauerspiel.at\/feelingeurope\/wp-json\/wp\/v2\/media\/2105"}],"wp:attachment":[{"href":"https:\/\/mauerspiel.at\/feelingeurope\/wp-json\/wp\/v2\/media?parent=2101"}],"wp:term":[{"taxonomy":"category","embeddable":true,"href":"https:\/\/mauerspiel.at\/feelingeurope\/wp-json\/wp\/v2\/categories?post=2101"},{"taxonomy":"post_tag","embeddable":true,"href":"https:\/\/mauerspiel.at\/feelingeurope\/wp-json\/wp\/v2\/tags?post=2101"}],"curies":[{"name":"wp","href":"https:\/\/api.w.org\/{rel}","templated":true}]}}